{"id":52067,"date":"2026-04-30T12:56:58","date_gmt":"2026-04-30T12:56:58","guid":{"rendered":"https:\/\/allfoodonline.com\/?p=52067"},"modified":"2026-04-30T12:56:59","modified_gmt":"2026-04-30T12:56:59","slug":"foodist-istanbul-prepares-to-welcome-the-global-food-industry","status":"publish","type":"post","link":"https:\/\/allfoodonline.com\/en\/foodist-istanbul-prepares-to-welcome-the-global-food-industry\/","title":{"rendered":"Foodist Istanbul prepares to welcome the global food industry"},"content":{"rendered":"\n<p><strong><em>Foodist Istanbul will bring the global food industry to T\u00fcyap Fair and Congress Center in September, connecting industry leaders through one of the region\u2019s most influential B2B food exhibitions.<\/em><\/strong><\/p>\n\n\n\n<p><strong><a href=\"https:\/\/www.foodistexpo.com\/en\" target=\"_blank\" rel=\"noreferrer noopener\">Foodist Istanbul<\/a><\/strong><a href=\"https:\/\/www.foodistexpo.com\/en\"> <\/a>International Food &amp; Beverage Products Exhibition will take place from <strong>1-4 September 2026 at the T\u00fcyap Fair and Congress Center in Istanbul,<\/strong> bringing together global buyers, manufacturers, exporters and industry leaders under one roof. Organised by <strong>T\u00fcyap Fairs and Exhibitions Organization Inc.<\/strong> in collaboration with <strong>ALZ Fair<\/strong>, the exhibition aims to present T\u00fcrkiye\u2019s food industry to the world while strengthening international trade connections across multiple markets.<\/p>\n\n\n\n<p>\u201cAs international demand for food products continues to expand, Foodist Istanbul is strengthening its role as a key gateway connecting T\u00fcrkiye\u2019s dynamic food industry with global markets,\u201d said \u0130lhan Ers\u00f6zl\u00fc, General Manager at T\u00fcyap Fairs Production Inc.<\/p>\n\n\n\n<p>\u201cWith strong institutional backing, extensive international buyer participation and a clear ambition to rank among the world\u2019s leading food exhibitions, the event is rapidly evolving into a strategic platform for global trade and industry collaboration.\u201d<\/p>\n\n\n\n<figure class=\"wp-block-image size-full is-resized\"><img fetchpriority=\"high\" decoding=\"async\" width=\"1920\" height=\"1080\" src=\"https:\/\/allfoodonline.com\/wp-content\/uploads\/2026\/04\/1920x1080-en-banner-1.jpg\" alt=\"\" class=\"wp-image-52072\" style=\"width:761px;height:auto\" srcset=\"https:\/\/allfoodonline.com\/wp-content\/uploads\/2026\/04\/1920x1080-en-banner-1.jpg 1920w, https:\/\/allfoodonline.com\/wp-content\/uploads\/2026\/04\/1920x1080-en-banner-1-300x169.jpg 300w, https:\/\/allfoodonline.com\/wp-content\/uploads\/2026\/04\/1920x1080-en-banner-1-768x432.jpg 768w, https:\/\/allfoodonline.com\/wp-content\/uploads\/2026\/04\/1920x1080-en-banner-1-1536x864.jpg 1536w\" sizes=\"(max-width: 1920px) 100vw, 1920px\" \/><\/figure>\n\n\n\n<p><\/p>\n\n\n\n<p><strong>Supported by sectoral organisations<\/strong><\/p>\n\n\n\n<p>Foodist Istanbul holds a unique position as the only fair supported by sectoral organisations, reflecting strong alignment across the industry. Backed by the Turkish Exporters Assembly, Cereals, Pulses, Oil Seeds and Products Sector Board, all Exporters\u2019 Associations, the Federation of Food and Drink Industry Associations of Turkey and the Association of Out-of-Home Consumption Suppliers, the exhibition aims to accelerate the global visibility of Turkish food products and brands.<\/p>\n\n\n\n<p>Through its collaboration between T\u00fcyap Fairs and Exhibitions Organization Inc. and ALZ Fair, the event combines international exhibition expertise with strong domestic industry networks. This partnership supports the fair\u2019s strategic ambition to become one of the world\u2019s top three food exhibitions, positioning Istanbul as a key meeting point for global food trade.<\/p>\n\n\n\n<p><strong>Global buyers and international participation<\/strong><\/p>\n\n\n\n<p>Foodist Istanbul 2026 is expected to attract over 70,000 professional visitors from over 150 countries, reinforcing the exhibition\u2019s growing international profile. In addition to broad visitor participation, the fair will host VIP buyer delegations from 20 focus countries, creating targeted opportunities for exporters to establish new partnerships.<\/p>\n\n\n\n<p>\u201cFoodist Istanbul is rapidly becoming one of the most important meeting points for the global food industry,\u201d Ers\u00f6zl\u00fc told. \u201cIt offers exporters a powerful platform to expand their international networks. Our ambition is to position Foodist Istanbul among the world\u2019s top three food exhibitions and to further strengthen T\u00fcrkiye\u2019s role in global food trade.\u201d<\/p>\n\n\n\n<p>The exhibition will attract professionals from Balkans, Europe, the Middle East, Gulf countries, Africa, CIS countries, Central Asia, Turkic Republics, the Far East and the Americas.<\/p>\n\n\n\n<figure class=\"wp-block-image size-full is-resized\"><img decoding=\"async\" width=\"1600\" height=\"898\" src=\"https:\/\/allfoodonline.com\/wp-content\/uploads\/2026\/04\/Tuyap_Gorsel.jpg\" alt=\"\" class=\"wp-image-52070\" style=\"width:769px;height:auto\" srcset=\"https:\/\/allfoodonline.com\/wp-content\/uploads\/2026\/04\/Tuyap_Gorsel.jpg 1600w, https:\/\/allfoodonline.com\/wp-content\/uploads\/2026\/04\/Tuyap_Gorsel-300x168.jpg 300w, https:\/\/allfoodonline.com\/wp-content\/uploads\/2026\/04\/Tuyap_Gorsel-768x431.jpg 768w, https:\/\/allfoodonline.com\/wp-content\/uploads\/2026\/04\/Tuyap_Gorsel-1536x862.jpg 1536w\" sizes=\"(max-width: 1600px) 100vw, 1600px\" \/><\/figure>\n\n\n\n<p><\/p>\n\n\n\n<p><strong>Connecting manufacturers with global markets<\/strong><\/p>\n\n\n\n<p><strong><a href=\"https:\/\/www.foodistexpo.com\/en\/e-ticket?Ref=content-en-1\" target=\"_blank\" rel=\"noreferrer noopener\">Foodist Istanbul<\/a> <\/strong>attracts a highly targeted professional audience. This profile ensures that exhibitors engage directly with buyers who actively shape procurement decisions and market distribution.<\/p>\n\n\n\n<p>By bringing together the entire food value chain in one location, Foodist Istanbul facilitates new commercial partnerships, export agreements and brand collaborations. The event also enables companies to introduce new products, explore emerging market trends and strengthen long-term trade relationships.<\/p>\n\n\n\n<p>The timing of Foodist Istanbul also offers significant strategic advantages for exporters planning their annual production and shipment cycles. Orders placed during the exhibition allow companies to begin production in October and November, aligning with manufacturing schedules for the final quarter of the year. This timeline also enables exporters to prepare shipments in December, ensuring readiness for delivery in the new year.<\/p>\n\n\n\n<p>Crucially, this schedule allows exporters to take advantage of zero-customs quota opportunities in January and February, when many international markets open new import quotas. By positioning the exhibition at the start of the autumn trade season, Foodist Istanbul supports exporters in securing early orders and strengthening their competitive advantage in global markets.<\/p>\n\n\n\n<p><strong>Contact: <\/strong>Emirhan Boyac\u0131 | <a href=\"mailto:press@tuyap.com.tr\" target=\"_blank\" rel=\"noreferrer noopener\">press@tuyap.com.tr<\/a><\/p>\n\n\n\n<figure class=\"wp-block-image size-full is-resized\"><img decoding=\"async\" width=\"1956\" height=\"941\" src=\"https:\/\/allfoodonline.com\/wp-content\/uploads\/2026\/04\/foodist_logo_seti_international4.png\" alt=\"\" class=\"wp-image-52068\" style=\"aspect-ratio:2.0786813365271404;width:191px;height:auto\" srcset=\"https:\/\/allfoodonline.com\/wp-content\/uploads\/2026\/04\/foodist_logo_seti_international4.png 1956w, https:\/\/allfoodonline.com\/wp-content\/uploads\/2026\/04\/foodist_logo_seti_international4-300x144.png 300w, https:\/\/allfoodonline.com\/wp-content\/uploads\/2026\/04\/foodist_logo_seti_international4-768x369.png 768w, https:\/\/allfoodonline.com\/wp-content\/uploads\/2026\/04\/foodist_logo_seti_international4-1536x739.png 1536w\" sizes=\"(max-width: 1956px) 100vw, 1956px\" \/><figcaption class=\"wp-element-caption\"><a href=\"https:\/\/www.foodistexpo.com\/en\/e-ticket?Ref=content-en-1\" type=\"link\" id=\"https:\/\/www.foodistexpo.com\/en\/e-ticket?Ref=content-en-1\" target=\"_blank\" rel=\"noreferrer noopener\"><strong>www.foodistexpo.com<\/strong><\/a><\/figcaption><\/figure>\n","protected":false},"excerpt":{"rendered":"<p>Foodist Istanbul will bring the global food industry to T\u00fcyap Fair and Congress Center in September, connecting industry leaders through one of the region\u2019s most influential B2B food exhibitions. Foodist Istanbul International Food &amp; Beverage Products Exhibition will take place from 1-4 September 2026 at the T\u00fcyap Fair and Congress Center in Istanbul, bringing together [&hellip;]<\/p>\n","protected":false},"author":12,"featured_media":52072,"comment_status":"open","ping_status":"closed","sticky":false,"template":"","format":"standard","meta":{"footnotes":""},"categories":[9791,9798],"tags":[12942,10442,10940,12939,12941],"class_list":["post-52067","post","type-post","status-publish","format-standard","has-post-thumbnail","hentry","category-fairs","category-food","tag-alz-fair","tag-food-and-beverage","tag-food-industry-3","tag-foodist-istanbul","tag-tuyap-fairs-and-exhibitions-organization-inc"],"yoast_head":"<!-- This site is optimized with the Yoast SEO plugin v27.5 - https:\/\/yoast.com\/product\/yoast-seo-wordpress\/ -->\n<title>Foodist Istanbul prepares to welcome the global food industry - Allfoodonline<\/title>\n<meta name=\"robots\" content=\"index, follow, max-snippet:-1, max-image-preview:large, max-video-preview:-1\" \/>\n<link rel=\"canonical\" href=\"https:\/\/allfoodonline.com\/en\/foodist-istanbul-prepares-to-welcome-the-global-food-industry\/\" \/>\n<meta property=\"og:locale\" content=\"en_US\" \/>\n<meta property=\"og:type\" content=\"article\" \/>\n<meta property=\"og:title\" content=\"Foodist Istanbul prepares to welcome the global food industry - Allfoodonline\" \/>\n<meta property=\"og:description\" content=\"Foodist Istanbul will bring the global food industry to T\u00fcyap Fair and Congress Center in September, connecting industry leaders through one of the region\u2019s most influential B2B food exhibitions. Foodist Istanbul International Food &amp; Beverage Products Exhibition will take place from 1-4 September 2026 at the T\u00fcyap Fair and Congress Center in Istanbul, bringing together [&hellip;]\" \/>\n<meta property=\"og:url\" content=\"https:\/\/allfoodonline.com\/en\/foodist-istanbul-prepares-to-welcome-the-global-food-industry\/\" \/>\n<meta property=\"og:site_name\" content=\"Allfoodonline\" \/>\n<meta property=\"article:published_time\" content=\"2026-04-30T12:56:58+00:00\" \/>\n<meta property=\"article:modified_time\" content=\"2026-04-30T12:56:59+00:00\" \/>\n<meta property=\"og:image\" content=\"https:\/\/allfoodonline.com\/wp-content\/uploads\/2026\/04\/1920x1080-en-banner-1.jpg\" \/>\n\t<meta property=\"og:image:width\" content=\"1920\" \/>\n\t<meta property=\"og:image:height\" content=\"1080\" \/>\n\t<meta property=\"og:image:type\" content=\"image\/jpeg\" \/>\n<meta name=\"author\" content=\"Zeus International\" \/>\n<meta name=\"twitter:card\" content=\"summary_large_image\" \/>\n<meta name=\"twitter:label1\" content=\"Written by\" \/>\n\t<meta name=\"twitter:data1\" content=\"Zeus International\" \/>\n\t<meta name=\"twitter:label2\" content=\"Est. reading time\" \/>\n\t<meta name=\"twitter:data2\" content=\"5 minutes\" \/>\n<script type=\"application\/ld+json\" class=\"yoast-schema-graph\">{\"@context\":\"https:\\\/\\\/schema.org\",\"@graph\":[{\"@type\":\"Article\",\"@id\":\"https:\\\/\\\/allfoodonline.com\\\/en\\\/foodist-istanbul-prepares-to-welcome-the-global-food-industry\\\/#article\",\"isPartOf\":{\"@id\":\"https:\\\/\\\/allfoodonline.com\\\/en\\\/foodist-istanbul-prepares-to-welcome-the-global-food-industry\\\/\"},\"author\":{\"name\":\"Zeus International\",\"@id\":\"https:\\\/\\\/allfoodonline.com\\\/#\\\/schema\\\/person\\\/0420e970bf128111f67bdec35bfc370b\"},\"headline\":\"Foodist Istanbul prepares to welcome the global food industry\",\"datePublished\":\"2026-04-30T12:56:58+00:00\",\"dateModified\":\"2026-04-30T12:56:59+00:00\",\"mainEntityOfPage\":{\"@id\":\"https:\\\/\\\/allfoodonline.com\\\/en\\\/foodist-istanbul-prepares-to-welcome-the-global-food-industry\\\/\"},\"wordCount\":643,\"commentCount\":0,\"publisher\":{\"@id\":\"https:\\\/\\\/allfoodonline.com\\\/#organization\"},\"image\":{\"@id\":\"https:\\\/\\\/allfoodonline.com\\\/en\\\/foodist-istanbul-prepares-to-welcome-the-global-food-industry\\\/#primaryimage\"},\"thumbnailUrl\":\"https:\\\/\\\/allfoodonline.com\\\/wp-content\\\/uploads\\\/2026\\\/04\\\/1920x1080-en-banner-1.jpg\",\"keywords\":[\"ALZ Fair\",\"Food and Beverage\",\"Food Industry\",\"Foodist Istanbul\",\"T\u00fcyap Fairs and Exhibitions Organization Inc.\"],\"articleSection\":[\"Fairs\",\"Food\"],\"inLanguage\":\"en-US\",\"potentialAction\":[{\"@type\":\"CommentAction\",\"name\":\"Comment\",\"target\":[\"https:\\\/\\\/allfoodonline.com\\\/en\\\/foodist-istanbul-prepares-to-welcome-the-global-food-industry\\\/#respond\"]}]},{\"@type\":\"WebPage\",\"@id\":\"https:\\\/\\\/allfoodonline.com\\\/en\\\/foodist-istanbul-prepares-to-welcome-the-global-food-industry\\\/\",\"url\":\"https:\\\/\\\/allfoodonline.com\\\/en\\\/foodist-istanbul-prepares-to-welcome-the-global-food-industry\\\/\",\"name\":\"Foodist Istanbul prepares to welcome the global food industry - Allfoodonline\",\"isPartOf\":{\"@id\":\"https:\\\/\\\/allfoodonline.com\\\/#website\"},\"primaryImageOfPage\":{\"@id\":\"https:\\\/\\\/allfoodonline.com\\\/en\\\/foodist-istanbul-prepares-to-welcome-the-global-food-industry\\\/#primaryimage\"},\"image\":{\"@id\":\"https:\\\/\\\/allfoodonline.com\\\/en\\\/foodist-istanbul-prepares-to-welcome-the-global-food-industry\\\/#primaryimage\"},\"thumbnailUrl\":\"https:\\\/\\\/allfoodonline.com\\\/wp-content\\\/uploads\\\/2026\\\/04\\\/1920x1080-en-banner-1.jpg\",\"datePublished\":\"2026-04-30T12:56:58+00:00\",\"dateModified\":\"2026-04-30T12:56:59+00:00\",\"breadcrumb\":{\"@id\":\"https:\\\/\\\/allfoodonline.com\\\/en\\\/foodist-istanbul-prepares-to-welcome-the-global-food-industry\\\/#breadcrumb\"},\"inLanguage\":\"en-US\",\"potentialAction\":[{\"@type\":\"ReadAction\",\"target\":[\"https:\\\/\\\/allfoodonline.com\\\/en\\\/foodist-istanbul-prepares-to-welcome-the-global-food-industry\\\/\"]}]},{\"@type\":\"ImageObject\",\"inLanguage\":\"en-US\",\"@id\":\"https:\\\/\\\/allfoodonline.com\\\/en\\\/foodist-istanbul-prepares-to-welcome-the-global-food-industry\\\/#primaryimage\",\"url\":\"https:\\\/\\\/allfoodonline.com\\\/wp-content\\\/uploads\\\/2026\\\/04\\\/1920x1080-en-banner-1.jpg\",\"contentUrl\":\"https:\\\/\\\/allfoodonline.com\\\/wp-content\\\/uploads\\\/2026\\\/04\\\/1920x1080-en-banner-1.jpg\",\"width\":1920,\"height\":1080},{\"@type\":\"BreadcrumbList\",\"@id\":\"https:\\\/\\\/allfoodonline.com\\\/en\\\/foodist-istanbul-prepares-to-welcome-the-global-food-industry\\\/#breadcrumb\",\"itemListElement\":[{\"@type\":\"ListItem\",\"position\":1,\"name\":\"Home\",\"item\":\"https:\\\/\\\/allfoodonline.com\\\/en\\\/\"},{\"@type\":\"ListItem\",\"position\":2,\"name\":\"Foodist Istanbul prepares to welcome the global food industry\"}]},{\"@type\":\"WebSite\",\"@id\":\"https:\\\/\\\/allfoodonline.com\\\/#website\",\"url\":\"https:\\\/\\\/allfoodonline.com\\\/\",\"name\":\"Allfoodonline\",\"description\":\"il portale del prodotto alimentare e delle bevande\",\"publisher\":{\"@id\":\"https:\\\/\\\/allfoodonline.com\\\/#organization\"},\"potentialAction\":[{\"@type\":\"SearchAction\",\"target\":{\"@type\":\"EntryPoint\",\"urlTemplate\":\"https:\\\/\\\/allfoodonline.com\\\/?s={search_term_string}\"},\"query-input\":{\"@type\":\"PropertyValueSpecification\",\"valueRequired\":true,\"valueName\":\"search_term_string\"}}],\"inLanguage\":\"en-US\"},{\"@type\":\"Organization\",\"@id\":\"https:\\\/\\\/allfoodonline.com\\\/#organization\",\"name\":\"Allfoodonline\",\"url\":\"https:\\\/\\\/allfoodonline.com\\\/\",\"logo\":{\"@type\":\"ImageObject\",\"inLanguage\":\"en-US\",\"@id\":\"https:\\\/\\\/allfoodonline.com\\\/#\\\/schema\\\/logo\\\/image\\\/\",\"url\":\"https:\\\/\\\/allfoodonline.com\\\/wp-content\\\/uploads\\\/2020\\\/11\\\/cropped-allfoodonline-logo.png\",\"contentUrl\":\"https:\\\/\\\/allfoodonline.com\\\/wp-content\\\/uploads\\\/2020\\\/11\\\/cropped-allfoodonline-logo.png\",\"width\":252,\"height\":70,\"caption\":\"Allfoodonline\"},\"image\":{\"@id\":\"https:\\\/\\\/allfoodonline.com\\\/#\\\/schema\\\/logo\\\/image\\\/\"}},{\"@type\":\"Person\",\"@id\":\"https:\\\/\\\/allfoodonline.com\\\/#\\\/schema\\\/person\\\/0420e970bf128111f67bdec35bfc370b\",\"name\":\"Zeus International\",\"image\":{\"@type\":\"ImageObject\",\"inLanguage\":\"en-US\",\"@id\":\"https:\\\/\\\/secure.gravatar.com\\\/avatar\\\/21f14f40e373f2b47e9d1256472b99ce56066de04defecd4b4f8fd4beecf7c77?s=96&d=mm&r=g\",\"url\":\"https:\\\/\\\/secure.gravatar.com\\\/avatar\\\/21f14f40e373f2b47e9d1256472b99ce56066de04defecd4b4f8fd4beecf7c77?s=96&d=mm&r=g\",\"contentUrl\":\"https:\\\/\\\/secure.gravatar.com\\\/avatar\\\/21f14f40e373f2b47e9d1256472b99ce56066de04defecd4b4f8fd4beecf7c77?s=96&d=mm&r=g\",\"caption\":\"Zeus International\"},\"url\":\"https:\\\/\\\/allfoodonline.com\\\/en\\\/author\\\/zeus_international_products\\\/\"}]}<\/script>\n<!-- \/ Yoast SEO plugin. -->","yoast_head_json":{"title":"Foodist Istanbul prepares to welcome the global food industry - Allfoodonline","robots":{"index":"index","follow":"follow","max-snippet":"max-snippet:-1","max-image-preview":"max-image-preview:large","max-video-preview":"max-video-preview:-1"},"canonical":"https:\/\/allfoodonline.com\/en\/foodist-istanbul-prepares-to-welcome-the-global-food-industry\/","og_locale":"en_US","og_type":"article","og_title":"Foodist Istanbul prepares to welcome the global food industry - Allfoodonline","og_description":"Foodist Istanbul will bring the global food industry to T\u00fcyap Fair and Congress Center in September, connecting industry leaders through one of the region\u2019s most influential B2B food exhibitions. Foodist Istanbul International Food &amp; Beverage Products Exhibition will take place from 1-4 September 2026 at the T\u00fcyap Fair and Congress Center in Istanbul, bringing together [&hellip;]","og_url":"https:\/\/allfoodonline.com\/en\/foodist-istanbul-prepares-to-welcome-the-global-food-industry\/","og_site_name":"Allfoodonline","article_published_time":"2026-04-30T12:56:58+00:00","article_modified_time":"2026-04-30T12:56:59+00:00","og_image":[{"width":1920,"height":1080,"url":"https:\/\/allfoodonline.com\/wp-content\/uploads\/2026\/04\/1920x1080-en-banner-1.jpg","type":"image\/jpeg"}],"author":"Zeus International","twitter_card":"summary_large_image","twitter_misc":{"Written by":"Zeus International","Est. reading time":"5 minutes"},"schema":{"@context":"https:\/\/schema.org","@graph":[{"@type":"Article","@id":"https:\/\/allfoodonline.com\/en\/foodist-istanbul-prepares-to-welcome-the-global-food-industry\/#article","isPartOf":{"@id":"https:\/\/allfoodonline.com\/en\/foodist-istanbul-prepares-to-welcome-the-global-food-industry\/"},"author":{"name":"Zeus International","@id":"https:\/\/allfoodonline.com\/#\/schema\/person\/0420e970bf128111f67bdec35bfc370b"},"headline":"Foodist Istanbul prepares to welcome the global food industry","datePublished":"2026-04-30T12:56:58+00:00","dateModified":"2026-04-30T12:56:59+00:00","mainEntityOfPage":{"@id":"https:\/\/allfoodonline.com\/en\/foodist-istanbul-prepares-to-welcome-the-global-food-industry\/"},"wordCount":643,"commentCount":0,"publisher":{"@id":"https:\/\/allfoodonline.com\/#organization"},"image":{"@id":"https:\/\/allfoodonline.com\/en\/foodist-istanbul-prepares-to-welcome-the-global-food-industry\/#primaryimage"},"thumbnailUrl":"https:\/\/allfoodonline.com\/wp-content\/uploads\/2026\/04\/1920x1080-en-banner-1.jpg","keywords":["ALZ Fair","Food and Beverage","Food Industry","Foodist Istanbul","T\u00fcyap Fairs and Exhibitions Organization Inc."],"articleSection":["Fairs","Food"],"inLanguage":"en-US","potentialAction":[{"@type":"CommentAction","name":"Comment","target":["https:\/\/allfoodonline.com\/en\/foodist-istanbul-prepares-to-welcome-the-global-food-industry\/#respond"]}]},{"@type":"WebPage","@id":"https:\/\/allfoodonline.com\/en\/foodist-istanbul-prepares-to-welcome-the-global-food-industry\/","url":"https:\/\/allfoodonline.com\/en\/foodist-istanbul-prepares-to-welcome-the-global-food-industry\/","name":"Foodist Istanbul prepares to welcome the global food industry - Allfoodonline","isPartOf":{"@id":"https:\/\/allfoodonline.com\/#website"},"primaryImageOfPage":{"@id":"https:\/\/allfoodonline.com\/en\/foodist-istanbul-prepares-to-welcome-the-global-food-industry\/#primaryimage"},"image":{"@id":"https:\/\/allfoodonline.com\/en\/foodist-istanbul-prepares-to-welcome-the-global-food-industry\/#primaryimage"},"thumbnailUrl":"https:\/\/allfoodonline.com\/wp-content\/uploads\/2026\/04\/1920x1080-en-banner-1.jpg","datePublished":"2026-04-30T12:56:58+00:00","dateModified":"2026-04-30T12:56:59+00:00","breadcrumb":{"@id":"https:\/\/allfoodonline.com\/en\/foodist-istanbul-prepares-to-welcome-the-global-food-industry\/#breadcrumb"},"inLanguage":"en-US","potentialAction":[{"@type":"ReadAction","target":["https:\/\/allfoodonline.com\/en\/foodist-istanbul-prepares-to-welcome-the-global-food-industry\/"]}]},{"@type":"ImageObject","inLanguage":"en-US","@id":"https:\/\/allfoodonline.com\/en\/foodist-istanbul-prepares-to-welcome-the-global-food-industry\/#primaryimage","url":"https:\/\/allfoodonline.com\/wp-content\/uploads\/2026\/04\/1920x1080-en-banner-1.jpg","contentUrl":"https:\/\/allfoodonline.com\/wp-content\/uploads\/2026\/04\/1920x1080-en-banner-1.jpg","width":1920,"height":1080},{"@type":"BreadcrumbList","@id":"https:\/\/allfoodonline.com\/en\/foodist-istanbul-prepares-to-welcome-the-global-food-industry\/#breadcrumb","itemListElement":[{"@type":"ListItem","position":1,"name":"Home","item":"https:\/\/allfoodonline.com\/en\/"},{"@type":"ListItem","position":2,"name":"Foodist Istanbul prepares to welcome the global food industry"}]},{"@type":"WebSite","@id":"https:\/\/allfoodonline.com\/#website","url":"https:\/\/allfoodonline.com\/","name":"Allfoodonline","description":"il portale del prodotto alimentare e delle bevande","publisher":{"@id":"https:\/\/allfoodonline.com\/#organization"},"potentialAction":[{"@type":"SearchAction","target":{"@type":"EntryPoint","urlTemplate":"https:\/\/allfoodonline.com\/?s={search_term_string}"},"query-input":{"@type":"PropertyValueSpecification","valueRequired":true,"valueName":"search_term_string"}}],"inLanguage":"en-US"},{"@type":"Organization","@id":"https:\/\/allfoodonline.com\/#organization","name":"Allfoodonline","url":"https:\/\/allfoodonline.com\/","logo":{"@type":"ImageObject","inLanguage":"en-US","@id":"https:\/\/allfoodonline.com\/#\/schema\/logo\/image\/","url":"https:\/\/allfoodonline.com\/wp-content\/uploads\/2020\/11\/cropped-allfoodonline-logo.png","contentUrl":"https:\/\/allfoodonline.com\/wp-content\/uploads\/2020\/11\/cropped-allfoodonline-logo.png","width":252,"height":70,"caption":"Allfoodonline"},"image":{"@id":"https:\/\/allfoodonline.com\/#\/schema\/logo\/image\/"}},{"@type":"Person","@id":"https:\/\/allfoodonline.com\/#\/schema\/person\/0420e970bf128111f67bdec35bfc370b","name":"Zeus International","image":{"@type":"ImageObject","inLanguage":"en-US","@id":"https:\/\/secure.gravatar.com\/avatar\/21f14f40e373f2b47e9d1256472b99ce56066de04defecd4b4f8fd4beecf7c77?s=96&d=mm&r=g","url":"https:\/\/secure.gravatar.com\/avatar\/21f14f40e373f2b47e9d1256472b99ce56066de04defecd4b4f8fd4beecf7c77?s=96&d=mm&r=g","contentUrl":"https:\/\/secure.gravatar.com\/avatar\/21f14f40e373f2b47e9d1256472b99ce56066de04defecd4b4f8fd4beecf7c77?s=96&d=mm&r=g","caption":"Zeus International"},"url":"https:\/\/allfoodonline.com\/en\/author\/zeus_international_products\/"}]}},"_links":{"self":[{"href":"https:\/\/allfoodonline.com\/en\/wp-json\/wp\/v2\/posts\/52067","targetHints":{"allow":["GET"]}}],"collection":[{"href":"https:\/\/allfoodonline.com\/en\/wp-json\/wp\/v2\/posts"}],"about":[{"href":"https:\/\/allfoodonline.com\/en\/wp-json\/wp\/v2\/types\/post"}],"author":[{"embeddable":true,"href":"https:\/\/allfoodonline.com\/en\/wp-json\/wp\/v2\/users\/12"}],"replies":[{"embeddable":true,"href":"https:\/\/allfoodonline.com\/en\/wp-json\/wp\/v2\/comments?post=52067"}],"version-history":[{"count":1,"href":"https:\/\/allfoodonline.com\/en\/wp-json\/wp\/v2\/posts\/52067\/revisions"}],"predecessor-version":[{"id":52074,"href":"https:\/\/allfoodonline.com\/en\/wp-json\/wp\/v2\/posts\/52067\/revisions\/52074"}],"wp:featuredmedia":[{"embeddable":true,"href":"https:\/\/allfoodonline.com\/en\/wp-json\/wp\/v2\/media\/52072"}],"wp:attachment":[{"href":"https:\/\/allfoodonline.com\/en\/wp-json\/wp\/v2\/media?parent=52067"}],"wp:term":[{"taxonomy":"category","embeddable":true,"href":"https:\/\/allfoodonline.com\/en\/wp-json\/wp\/v2\/categories?post=52067"},{"taxonomy":"post_tag","embeddable":true,"href":"https:\/\/allfoodonline.com\/en\/wp-json\/wp\/v2\/tags?post=52067"}],"curies":[{"name":"wp","href":"https:\/\/api.w.org\/{rel}","templated":true}]}}